{"id":401,"date":"2020-11-27T18:08:05","date_gmt":"2020-11-27T17:08:05","guid":{"rendered":"https:\/\/wisemind.se\/kvinna\/blogg\/?p=401"},"modified":"2023-05-30T08:30:29","modified_gmt":"2023-05-30T07:30:29","slug":"pms-menstruationscykelns-fysiologiska-hormonella-och-emotionella-forandringsfaser","status":"publish","type":"post","link":"https:\/\/wisemind.se\/kvinna\/pms-menstruationscykelns-fysiologiska-hormonella-och-emotionella-forandringsfaser\/","title":{"rendered":"PMS, premenstruellt syndrom"},"content":{"rendered":"\n<p><strong>K\u00e4nner du att du i vissa perioder i m\u00e5naden har sv\u00e5rare att reglera ditt hum\u00f6r? Kan vardagliga situationer eller motg\u00e5ngar ibland vara mer k\u00e4nsloladdade \u00e4n de brukar, eller upplever du i perioder orosk\u00e4nslor och nedst\u00e4mdhet utan n\u00e5gon egentlig anledning?&nbsp;<\/strong><\/p>\n\n\n\n<h2 class=\"wp-block-heading\">Menstruationscykelns fysiologiska, hormonella och emotionella f\u00f6r\u00e4ndringsfaser<\/h2>\n\n\n\n<p>F\u00f6r kvinnor och tjejer i fertil \u00e5lder medf\u00f6r menscykeln fysiologiska f\u00f6r\u00e4ndringar som inneb\u00e4r st\u00e4ndiga f\u00f6r\u00e4ndringar i vad som biologiskt sker i kroppen. Ca 3-6 procent upplever kraftiga besv\u00e4r som p\u00e5verkar sinnesst\u00e4mningen, vilket diagnostiseras som <em>PMDD, premenstrual dysphoric disorder<\/em> och ca 20-30 procent upplever n\u00e5got mildare symptom vilket ben\u00e4mns som <em>PMS, premenstruellt syndrom.<\/em> Symptomen r\u00f6r sig om emotionell instabilitet och upplevda k\u00e4nslor som irritabilitet, nedst\u00e4mdhet, minskad impulskontroll och depressiva p\u00e5slag.\u00a0<\/p>\n\n\n\n<h2 class=\"wp-block-heading\">Vad beror den \u00f6kade k\u00e4nsligheten under PMS p\u00e5?&nbsp;<\/h2>\n\n\n\n<p>Kopplingen mellan de fysiologiska och psykologiska effekterna av PMS och PMDD \u00e4r \u00e4nnu idag inte helt fastst\u00e4llda. De senaste r\u00f6nen inom forskningen pekar p\u00e5 att k\u00e4nslolivet kan p\u00e5verkas negativt av de restprodukter som bildas n\u00e4r kroppen bryter ner hormoner som inte l\u00e4ngre beh\u00f6vs, vilket kan p\u00e5verka GABA-systemet i hj\u00e4rnan. GABA \u00e4r hj\u00e4rnans d\u00e4mpande och lugnande system, och fungerar som skydd mot bland annat stresshormoner. Studier som gjorts visar p\u00e5 att nedbrytningen av k\u00f6nshormonet progesteron som sker under cykelns sista fas bildar en restprodukt vid namn allopregnanolone. Det \u00e4r en steroid som kan st\u00f6ra GABA-systemets d\u00e4mpande och lugnande effekt, vilket inneb\u00e4r en \u00f6kad mottaglighet f\u00f6r k\u00e4nslor som oro och \u00e5ngest perioden innan mensen.&nbsp;<\/p>\n\n\n\n<h2 class=\"wp-block-heading\">Vilka faser best\u00e5r menstruationscykeln av?<\/h2>\n\n\n\n<p>Cykeln best\u00e5r av fyra olika faser; menstruationen, follikelfasen, ovulationen, och lutealfasen. Menstruationscykeln s\u00e4ger man startar f\u00f6rsta dagen p\u00e5 mensen och slutar dagen innan n\u00e4sta menstruation.<\/p>\n\n\n\n<h4 class=\"wp-block-heading\"><strong>Menstruationsfasen<\/strong> startar om inget \u00e4gg blivit befruktat under \u00e4gglossningen d\u00e5 den s\u00e5 kallade gulkroppen d\u00f6r n\u00e4r ingen befruktning skett.<\/h4>\n\n\n\n<div class=\"wp-block-group is-layout-flow wp-block-group-is-layout-flow\">\n<div class=\"wp-block-group is-layout-flow wp-block-group-is-layout-flow\">\n<p>Gulkroppen \u00e4r en hormonk\u00f6rtel som \u00e5terskapas inf\u00f6r varje kommande menstruation och som producerar de kvinnliga k\u00f6nshormonerna \u00f6strogen och progesteron. Progesteronet stabiliserar livmoderslemhinnan inf\u00f6r graviditet, och vid utebliven befruktning d\u00f6r gulkroppen. Det leder till att slemhinnan st\u00f6ts ut som en bl\u00f6dning som vanligtvis varar mellan tv\u00e5 till sju dagar.&nbsp;<\/p>\n<\/div>\n<\/div>\n\n\n\n<h4 class=\"wp-block-heading\">D\u00e4refter b\u00f6rjar <strong>follikelfasen<\/strong> som i regel p\u00e5g\u00e5r i 14 dagar.<\/h4>\n\n\n\n<p>N\u00e4r folliklarna (\u201cskalen\u201d som \u00e4ggen ligger i) v\u00e4xer s\u00e5 produceras \u00f6strogen.<\/p>\n\n\n\n<div class=\"wp-block-group is-layout-flow wp-block-group-is-layout-flow\"><\/div>\n\n\n\n<h4 class=\"wp-block-heading\">Det i sin tur ger en signal till hj\u00e4rnan att starta \u00e4gglossningen, vilket \u00e4ven ben\u00e4mns <strong>ovulationen<\/strong>.<\/h4>\n\n\n\n<p>N\u00e4r \u00e4gget l\u00e4mnar \u00e4ggstocken brister follikeln och ovulationen p\u00e5g\u00e5r sedan i upp till tv\u00e5 dygn, men \u00e4gget kan bara bli befruktat under 24 timmar. Dock s\u00e5 kan spermier \u00f6verleva upp till 5 dygn i kroppen, vilket inneb\u00e4r att en graviditet \u00e4r m\u00f6jlig vid oskyddat samlag upp till 5 dygn f\u00f6re \u00e4gglossningen.<\/p>\n\n\n\n<h4 class=\"wp-block-heading\">Sista fasen i cykeln \u00e4r <strong>lutealfasen<\/strong>, och den p\u00e5g\u00e5r fr\u00e5n \u00e4gglossningen fram till n\u00e4sta menstruation, vilket \u00e4r ca tv\u00e5 veckor.<\/h4>\n\n\n\n<p>Det \u00e4r under<strong> <\/strong>denna fas hum\u00f6rf\u00f6r\u00e4ndringar relaterat till PMS kan uppst\u00e5. Symptomen brukar dock f\u00f6rst m\u00e4rkas av n\u00e4r det \u00e4r ca en vecka kvar till mensens f\u00f6rsta dag. <\/p>\n\n\n\n<p>Follikeln som bevarat det lossade \u00e4gget omvandlas under fasen \u00e5terigen till en gulkropp, och produktionen av progesteron \u00f6kar. Om \u00e4gget inte blir befruktat, d\u00f6r gulkroppen och progesteronet bryts ner och omvandlas till restprodukten allopregnanolon. Nedbrytningen som skapar restprodukten kan som n\u00e4mnt ovan st\u00f6ra GABA-systemets f\u00f6rsvar mot stress-steroider i hj\u00e4rnan. \u00d6kad s\u00e5rbarhet \u00e4r vanlig under denna period, vilket kan resultera i oro och \u00e5ngest.&nbsp;<\/p>\n\n\n\n<h4 class=\"wp-block-heading\"><strong>De hormonella f\u00f6r\u00e4ndringarna och dess p\u00e5verkan p\u00e5 sinnesst\u00e4mningen tas upp i boken \u201dPMS, f\u00e5 hj\u00e4lp med KBT\u201d, skriven av psykologerna Ulrike Braun och Susanna Johansson.<\/strong><\/h4>\n\n\n\n<p>Mycket fokus ligger p\u00e5 att f\u00f6rst\u00e5, hantera och minska negativa tankar. I boken beskrivs ett tankem\u00f6nster som kan b\u00f6rja redan f\u00f6re PMS och ge br\u00e4nsle till orosk\u00e4nslor som vidare p\u00e5verkar beteendet. Det kan leda till att en negativ spiral bildas genom f\u00f6ljande exempel: <\/p>\n\n\n\n<ul class=\"wp-block-list\">\n<li><strong>Tankar om bristande tilltro till egen f\u00f6rm\u00e5ga baserat p\u00e5 tidigare perioder skapar oro<\/strong> &#8211; en prestationsbaserad farh\u00e5ga att inte klara av sv\u00e5righeter under kommande period uppst\u00e5r.<\/li>\n<\/ul>\n\n\n\n<div class=\"wp-block-group is-layout-flow wp-block-group-is-layout-flow\">\n<ul class=\"wp-block-list\">\n<li><strong>En r\u00e4dsla skapas  <\/strong>&#8211;&nbsp; tankar p\u00e5 att i andras \u00f6gon inte klara av att kontrollera k\u00e4nslor och beteenden i kommande period \u00f6kar oron och framkallar \u00e5ngest.<\/li>\n<\/ul>\n\n\n\n<ul class=\"wp-block-list\">\n<li><strong>De hormonella f\u00f6r\u00e4ndringarna sker<\/strong>  &#8211; s\u00e5rbarheten \u00f6kar, vilket via nedst\u00e4mdhet kan frammana sj\u00e4lvkritik och leda till k\u00e4nslor som skuld och skam,<\/li>\n<\/ul>\n\n\n\n<ul class=\"wp-block-list\">\n<li><strong>Omgivningens bem\u00f6tande<\/strong> &#8211; om andra har sv\u00e5righeter att bem\u00f6ta dessa k\u00e4nslor kan den \u00f6kade s\u00e5rbarheten p\u00e5verka impulskontrollen och leda till destruktiva beteenden, och vad som k\u00e4nns b\u00e4st i stunden vinner \u00f6ver vad som vore klokast att g\u00f6ra i l\u00e4ngden.<\/li>\n<\/ul>\n\n\n\n<ul class=\"wp-block-list\">\n<li><strong>En kortsiktig positiv l\u00e4ttnad<\/strong> &#8211; Ett destruktivt beteende, ex. sk\u00e4lla p\u00e5 n\u00e5gon i sin n\u00e4rhet, \u00e4ta onyttig mat eller anv\u00e4nda sociala medier hela kv\u00e4llen ist\u00e4llet f\u00f6r att f\u00e5 gjort det man hade planerat, kan i stunden k\u00e4nnas sk\u00f6nt. Konsekvenserna kan dock vara att man senare k\u00e4nner skam och mer negativa k\u00e4nslor, vilket i sin tur leder till ytterligare destruktivt beteende. En negativ spiral skapas p\u00e5 det viset d\u00e4r k\u00e4nslorna i stunden styr oss mot negativa tankar och beteende som f\u00f6rv\u00e4rrar k\u00e4nslorna.<\/li>\n<\/ul>\n\n\n\n<p><\/p>\n<\/div>\n\n\n\n<p>R\u00e4dsla och oro f\u00f6r att mista kontrollen kan i sj\u00e4lva verket skapa en sj\u00e4lvuppfyllande profetia som frammanar de farh\u00e5gor man har. Det \u00e4r d\u00e4rf\u00f6r av vikt att f\u00e5 en \u00f6versikt kring hur man kan l\u00e4ra sig mer fungerande s\u00e4tt att hantera sina k\u00e4nslor och hitta verktyg genom f\u00f6rh\u00e5llningss\u00e4tt och beteenden som ist\u00e4llet kan bryta negativa spiraler och f\u00f6rb\u00e4ttra m\u00e5endet.<\/p>\n\n\n\n<h2 class=\"wp-block-heading\">K\u00e4nner du igen dig, eller har du n\u00e5gon i din n\u00e4rhet som lider av PMS?<\/h2>\n\n\n\n<p> Det finns flera konkreta saker man kan g\u00f6ra f\u00f6r att mildra symptomen och l\u00e4ra sig hantera tankar och k\u00e4nslor. F\u00f6r mer information l\u00e4s inl\u00e4gget: <a href=\"https:\/\/wisemind.se\/kvinna\/vad-kan-man-gora-for-att-hantera-oro-och-angest-infor-och-under-pms\/\">Vad kan man g\u00f6ra f\u00f6r att hantera oro och \u00e5ngest inf\u00f6r och under PMS?&nbsp;<\/a><\/p>\n\n\n\n<p><\/p>\n\n\n\n<h2 class=\"wp-block-heading\">H\u00e4r finns n\u00e5gra litteraturtips f\u00f6r dig som \u00f6nskar l\u00e4sa mer om \u00e4mnet PMS:<\/h2>\n\n\n\n<p>Braun, U. &amp; Johansson, S. (2019). PMS!, f\u00e5 hj\u00e4lp med KBT. MTM&nbsp;<\/p>\n\n\n\n<p>Jansson, A. &amp; Lindgren, B. (2016) Gynekologi. 2:a uppl. Studentlitteratur&nbsp;<br>Tr\u00e4ning i livet (2019) <em>Hormoner uts\u00f6ndras vid fysisk aktivitet &#8211; s\u00e5 p\u00e5verkas du<\/em>.<a href=\"https:\/\/traningilivet.se\/inspiration\/forskning\/hormoner-utsondras-vid-fysisk-aktivitet-sa-paverkas-du\/\"> https:\/\/traningilivet.se\/inspiration\/forskning\/hormoner-utsondras-vid-fysisk-aktivitet-sa-paverkas-du\/<\/a> e [2020-10-09]<\/p>\n","protected":false},"excerpt":{"rendered":"<p>K\u00e4nner du att du i vissa perioder i m\u00e5naden har sv\u00e5rare att reglera ditt hum\u00f6r? Kan vardagliga situationer eller motg\u00e5ngar ibland vara mer k\u00e4nsloladdade \u00e4n de brukar, eller upplever du i perioder orosk\u00e4nslor och nedst\u00e4mdhet utan n\u00e5gon egentlig anledning?&nbsp; Menstruationscykelns fysiologiska, hormonella och emotionella f\u00f6r\u00e4ndringsfaser F\u00f6r kvinnor och tjejer i fertil \u00e5lder medf\u00f6r menscykeln fysiologiska [&hellip;]<\/p>\n","protected":false},"author":2,"featured_media":4804,"comment_status":"closed","ping_status":"open","sticky":false,"template":"","format":"standard","meta":{"_monsterinsights_skip_tracking":false,"_monsterinsights_sitenote_active":false,"_monsterinsights_sitenote_note":"","_monsterinsights_sitenote_category":0,"footnotes":""},"categories":[98,88,33],"tags":[],"class_list":["post-401","post","type-post","status-publish","format-standard","has-post-thumbnail","hentry","category-alla-inlagg","category-hormonella-problem","category-psykisk-ohalsa"],"yoast_head":"<!-- This site is optimized with the Yoast SEO plugin v27.5 - https:\/\/yoast.com\/product\/yoast-seo-wordpress\/ -->\n<title>PMS, premenstruellt syndrom - WiseMind Kvinnoh\u00e4lsa<\/title>\n<meta name=\"robots\" content=\"index, follow, max-snippet:-1, max-image-preview:large, max-video-preview:-1\" \/>\n<link rel=\"canonical\" href=\"https:\/\/wisemind.se\/kvinna\/pms-menstruationscykelns-fysiologiska-hormonella-och-emotionella-forandringsfaser\/\" \/>\n<meta property=\"og:locale\" content=\"sv_SE\" \/>\n<meta property=\"og:type\" content=\"article\" \/>\n<meta property=\"og:title\" content=\"PMS, premenstruellt syndrom - WiseMind Kvinnoh\u00e4lsa\" \/>\n<meta property=\"og:description\" content=\"K\u00e4nner du att du i vissa perioder i m\u00e5naden har sv\u00e5rare att reglera ditt hum\u00f6r? Kan vardagliga situationer eller motg\u00e5ngar ibland vara mer k\u00e4nsloladdade \u00e4n de brukar, eller upplever du i perioder orosk\u00e4nslor och nedst\u00e4mdhet utan n\u00e5gon egentlig anledning?&nbsp; Menstruationscykelns fysiologiska, hormonella och emotionella f\u00f6r\u00e4ndringsfaser F\u00f6r kvinnor och tjejer i fertil \u00e5lder medf\u00f6r menscykeln fysiologiska [&hellip;]\" \/>\n<meta property=\"og:url\" content=\"https:\/\/wisemind.se\/kvinna\/pms-menstruationscykelns-fysiologiska-hormonella-och-emotionella-forandringsfaser\/\" \/>\n<meta property=\"og:site_name\" content=\"WiseMind Kvinnoh\u00e4lsa\" \/>\n<meta property=\"article:published_time\" content=\"2020-11-27T17:08:05+00:00\" \/>\n<meta property=\"article:modified_time\" content=\"2023-05-30T07:30:29+00:00\" \/>\n<meta property=\"og:image\" content=\"https:\/\/wisemind.se\/kvinna\/wp-content\/uploads\/anthony-tran-i-ePv9Dxg7U-unsplash-683x1024-1.jpg\" \/>\n\t<meta property=\"og:image:width\" content=\"683\" \/>\n\t<meta property=\"og:image:height\" content=\"1024\" \/>\n\t<meta property=\"og:image:type\" content=\"image\/jpeg\" \/>\n<meta name=\"author\" content=\"Agnes Granberg\" \/>\n<meta name=\"twitter:card\" content=\"summary_large_image\" \/>\n<meta name=\"twitter:label1\" content=\"Skriven av\" \/>\n\t<meta name=\"twitter:data1\" content=\"Agnes Granberg\" \/>\n\t<meta name=\"twitter:label2\" content=\"Ber\u00e4knad l\u00e4stid\" \/>\n\t<meta name=\"twitter:data2\" content=\"5 minuter\" \/>\n<script type=\"application\/ld+json\" class=\"yoast-schema-graph\">{\"@context\":\"https:\\\/\\\/schema.org\",\"@graph\":[{\"@type\":\"Article\",\"@id\":\"https:\\\/\\\/wisemind.se\\\/kvinna\\\/pms-menstruationscykelns-fysiologiska-hormonella-och-emotionella-forandringsfaser\\\/#article\",\"isPartOf\":{\"@id\":\"https:\\\/\\\/wisemind.se\\\/kvinna\\\/pms-menstruationscykelns-fysiologiska-hormonella-och-emotionella-forandringsfaser\\\/\"},\"author\":{\"name\":\"Agnes Granberg\",\"@id\":\"https:\\\/\\\/wisemind.se\\\/kvinna\\\/#\\\/schema\\\/person\\\/c18fcfc21acbf410ca0e4ba101385554\"},\"headline\":\"PMS, premenstruellt syndrom\",\"datePublished\":\"2020-11-27T17:08:05+00:00\",\"dateModified\":\"2023-05-30T07:30:29+00:00\",\"mainEntityOfPage\":{\"@id\":\"https:\\\/\\\/wisemind.se\\\/kvinna\\\/pms-menstruationscykelns-fysiologiska-hormonella-och-emotionella-forandringsfaser\\\/\"},\"wordCount\":1148,\"publisher\":{\"@id\":\"https:\\\/\\\/wisemind.se\\\/kvinna\\\/#organization\"},\"image\":{\"@id\":\"https:\\\/\\\/wisemind.se\\\/kvinna\\\/pms-menstruationscykelns-fysiologiska-hormonella-och-emotionella-forandringsfaser\\\/#primaryimage\"},\"thumbnailUrl\":\"https:\\\/\\\/wisemind.se\\\/kvinna\\\/wp-content\\\/uploads\\\/anthony-tran-i-ePv9Dxg7U-unsplash-683x1024-1.jpg\",\"articleSection\":[\"Alla inl\u00e4gg\",\"Hormonella problem\",\"Psykisk oh\u00e4lsa\"],\"inLanguage\":\"sv-SE\"},{\"@type\":\"WebPage\",\"@id\":\"https:\\\/\\\/wisemind.se\\\/kvinna\\\/pms-menstruationscykelns-fysiologiska-hormonella-och-emotionella-forandringsfaser\\\/\",\"url\":\"https:\\\/\\\/wisemind.se\\\/kvinna\\\/pms-menstruationscykelns-fysiologiska-hormonella-och-emotionella-forandringsfaser\\\/\",\"name\":\"PMS, premenstruellt syndrom - WiseMind Kvinnoh\u00e4lsa\",\"isPartOf\":{\"@id\":\"https:\\\/\\\/wisemind.se\\\/kvinna\\\/#website\"},\"primaryImageOfPage\":{\"@id\":\"https:\\\/\\\/wisemind.se\\\/kvinna\\\/pms-menstruationscykelns-fysiologiska-hormonella-och-emotionella-forandringsfaser\\\/#primaryimage\"},\"image\":{\"@id\":\"https:\\\/\\\/wisemind.se\\\/kvinna\\\/pms-menstruationscykelns-fysiologiska-hormonella-och-emotionella-forandringsfaser\\\/#primaryimage\"},\"thumbnailUrl\":\"https:\\\/\\\/wisemind.se\\\/kvinna\\\/wp-content\\\/uploads\\\/anthony-tran-i-ePv9Dxg7U-unsplash-683x1024-1.jpg\",\"datePublished\":\"2020-11-27T17:08:05+00:00\",\"dateModified\":\"2023-05-30T07:30:29+00:00\",\"breadcrumb\":{\"@id\":\"https:\\\/\\\/wisemind.se\\\/kvinna\\\/pms-menstruationscykelns-fysiologiska-hormonella-och-emotionella-forandringsfaser\\\/#breadcrumb\"},\"inLanguage\":\"sv-SE\",\"potentialAction\":[{\"@type\":\"ReadAction\",\"target\":[\"https:\\\/\\\/wisemind.se\\\/kvinna\\\/pms-menstruationscykelns-fysiologiska-hormonella-och-emotionella-forandringsfaser\\\/\"]}]},{\"@type\":\"ImageObject\",\"inLanguage\":\"sv-SE\",\"@id\":\"https:\\\/\\\/wisemind.se\\\/kvinna\\\/pms-menstruationscykelns-fysiologiska-hormonella-och-emotionella-forandringsfaser\\\/#primaryimage\",\"url\":\"https:\\\/\\\/wisemind.se\\\/kvinna\\\/wp-content\\\/uploads\\\/anthony-tran-i-ePv9Dxg7U-unsplash-683x1024-1.jpg\",\"contentUrl\":\"https:\\\/\\\/wisemind.se\\\/kvinna\\\/wp-content\\\/uploads\\\/anthony-tran-i-ePv9Dxg7U-unsplash-683x1024-1.jpg\",\"width\":683,\"height\":1024},{\"@type\":\"BreadcrumbList\",\"@id\":\"https:\\\/\\\/wisemind.se\\\/kvinna\\\/pms-menstruationscykelns-fysiologiska-hormonella-och-emotionella-forandringsfaser\\\/#breadcrumb\",\"itemListElement\":[{\"@type\":\"ListItem\",\"position\":1,\"name\":\"Hem\",\"item\":\"https:\\\/\\\/wisemind.se\\\/kvinna\\\/\"},{\"@type\":\"ListItem\",\"position\":2,\"name\":\"PMS, premenstruellt syndrom\"}]},{\"@type\":\"WebSite\",\"@id\":\"https:\\\/\\\/wisemind.se\\\/kvinna\\\/#website\",\"url\":\"https:\\\/\\\/wisemind.se\\\/kvinna\\\/\",\"name\":\"WiseMind Kvinnoh\u00e4lsa\",\"description\":\"Psykologiskt Kunskapscenter\",\"publisher\":{\"@id\":\"https:\\\/\\\/wisemind.se\\\/kvinna\\\/#organization\"},\"potentialAction\":[{\"@type\":\"SearchAction\",\"target\":{\"@type\":\"EntryPoint\",\"urlTemplate\":\"https:\\\/\\\/wisemind.se\\\/kvinna\\\/?s={search_term_string}\"},\"query-input\":{\"@type\":\"PropertyValueSpecification\",\"valueRequired\":true,\"valueName\":\"search_term_string\"}}],\"inLanguage\":\"sv-SE\"},{\"@type\":\"Organization\",\"@id\":\"https:\\\/\\\/wisemind.se\\\/kvinna\\\/#organization\",\"name\":\"Utveckling och Balans\",\"url\":\"https:\\\/\\\/wisemind.se\\\/kvinna\\\/\",\"logo\":{\"@type\":\"ImageObject\",\"inLanguage\":\"sv-SE\",\"@id\":\"https:\\\/\\\/wisemind.se\\\/kvinna\\\/#\\\/schema\\\/logo\\\/image\\\/\",\"url\":\"https:\\\/\\\/wisemind.se\\\/kvinna\\\/wp-content\\\/uploads\\\/uob-logga-150.png\",\"contentUrl\":\"https:\\\/\\\/wisemind.se\\\/kvinna\\\/wp-content\\\/uploads\\\/uob-logga-150.png\",\"width\":150,\"height\":62,\"caption\":\"Utveckling och Balans\"},\"image\":{\"@id\":\"https:\\\/\\\/wisemind.se\\\/kvinna\\\/#\\\/schema\\\/logo\\\/image\\\/\"}},{\"@type\":\"Person\",\"@id\":\"https:\\\/\\\/wisemind.se\\\/kvinna\\\/#\\\/schema\\\/person\\\/c18fcfc21acbf410ca0e4ba101385554\",\"name\":\"Agnes Granberg\",\"image\":{\"@type\":\"ImageObject\",\"inLanguage\":\"sv-SE\",\"@id\":\"https:\\\/\\\/secure.gravatar.com\\\/avatar\\\/11e40cdd70c5a5d7171c4701e0e8d9172600f345c8011b1de9f3ad7e9e4fab8b?s=96&d=mm&r=g\",\"url\":\"https:\\\/\\\/secure.gravatar.com\\\/avatar\\\/11e40cdd70c5a5d7171c4701e0e8d9172600f345c8011b1de9f3ad7e9e4fab8b?s=96&d=mm&r=g\",\"contentUrl\":\"https:\\\/\\\/secure.gravatar.com\\\/avatar\\\/11e40cdd70c5a5d7171c4701e0e8d9172600f345c8011b1de9f3ad7e9e4fab8b?s=96&d=mm&r=g\",\"caption\":\"Agnes Granberg\"},\"url\":\"https:\\\/\\\/wisemind.se\\\/kvinna\\\/author\\\/agnes\\\/\"}]}<\/script>\n<!-- \/ Yoast SEO plugin. -->","yoast_head_json":{"title":"PMS, premenstruellt syndrom - WiseMind Kvinnoh\u00e4lsa","robots":{"index":"index","follow":"follow","max-snippet":"max-snippet:-1","max-image-preview":"max-image-preview:large","max-video-preview":"max-video-preview:-1"},"canonical":"https:\/\/wisemind.se\/kvinna\/pms-menstruationscykelns-fysiologiska-hormonella-och-emotionella-forandringsfaser\/","og_locale":"sv_SE","og_type":"article","og_title":"PMS, premenstruellt syndrom - WiseMind Kvinnoh\u00e4lsa","og_description":"K\u00e4nner du att du i vissa perioder i m\u00e5naden har sv\u00e5rare att reglera ditt hum\u00f6r? Kan vardagliga situationer eller motg\u00e5ngar ibland vara mer k\u00e4nsloladdade \u00e4n de brukar, eller upplever du i perioder orosk\u00e4nslor och nedst\u00e4mdhet utan n\u00e5gon egentlig anledning?&nbsp; Menstruationscykelns fysiologiska, hormonella och emotionella f\u00f6r\u00e4ndringsfaser F\u00f6r kvinnor och tjejer i fertil \u00e5lder medf\u00f6r menscykeln fysiologiska [&hellip;]","og_url":"https:\/\/wisemind.se\/kvinna\/pms-menstruationscykelns-fysiologiska-hormonella-och-emotionella-forandringsfaser\/","og_site_name":"WiseMind Kvinnoh\u00e4lsa","article_published_time":"2020-11-27T17:08:05+00:00","article_modified_time":"2023-05-30T07:30:29+00:00","og_image":[{"width":683,"height":1024,"url":"https:\/\/wisemind.se\/kvinna\/wp-content\/uploads\/anthony-tran-i-ePv9Dxg7U-unsplash-683x1024-1.jpg","type":"image\/jpeg"}],"author":"Agnes Granberg","twitter_card":"summary_large_image","twitter_misc":{"Skriven av":"Agnes Granberg","Ber\u00e4knad l\u00e4stid":"5 minuter"},"schema":{"@context":"https:\/\/schema.org","@graph":[{"@type":"Article","@id":"https:\/\/wisemind.se\/kvinna\/pms-menstruationscykelns-fysiologiska-hormonella-och-emotionella-forandringsfaser\/#article","isPartOf":{"@id":"https:\/\/wisemind.se\/kvinna\/pms-menstruationscykelns-fysiologiska-hormonella-och-emotionella-forandringsfaser\/"},"author":{"name":"Agnes Granberg","@id":"https:\/\/wisemind.se\/kvinna\/#\/schema\/person\/c18fcfc21acbf410ca0e4ba101385554"},"headline":"PMS, premenstruellt syndrom","datePublished":"2020-11-27T17:08:05+00:00","dateModified":"2023-05-30T07:30:29+00:00","mainEntityOfPage":{"@id":"https:\/\/wisemind.se\/kvinna\/pms-menstruationscykelns-fysiologiska-hormonella-och-emotionella-forandringsfaser\/"},"wordCount":1148,"publisher":{"@id":"https:\/\/wisemind.se\/kvinna\/#organization"},"image":{"@id":"https:\/\/wisemind.se\/kvinna\/pms-menstruationscykelns-fysiologiska-hormonella-och-emotionella-forandringsfaser\/#primaryimage"},"thumbnailUrl":"https:\/\/wisemind.se\/kvinna\/wp-content\/uploads\/anthony-tran-i-ePv9Dxg7U-unsplash-683x1024-1.jpg","articleSection":["Alla inl\u00e4gg","Hormonella problem","Psykisk oh\u00e4lsa"],"inLanguage":"sv-SE"},{"@type":"WebPage","@id":"https:\/\/wisemind.se\/kvinna\/pms-menstruationscykelns-fysiologiska-hormonella-och-emotionella-forandringsfaser\/","url":"https:\/\/wisemind.se\/kvinna\/pms-menstruationscykelns-fysiologiska-hormonella-och-emotionella-forandringsfaser\/","name":"PMS, premenstruellt syndrom - WiseMind Kvinnoh\u00e4lsa","isPartOf":{"@id":"https:\/\/wisemind.se\/kvinna\/#website"},"primaryImageOfPage":{"@id":"https:\/\/wisemind.se\/kvinna\/pms-menstruationscykelns-fysiologiska-hormonella-och-emotionella-forandringsfaser\/#primaryimage"},"image":{"@id":"https:\/\/wisemind.se\/kvinna\/pms-menstruationscykelns-fysiologiska-hormonella-och-emotionella-forandringsfaser\/#primaryimage"},"thumbnailUrl":"https:\/\/wisemind.se\/kvinna\/wp-content\/uploads\/anthony-tran-i-ePv9Dxg7U-unsplash-683x1024-1.jpg","datePublished":"2020-11-27T17:08:05+00:00","dateModified":"2023-05-30T07:30:29+00:00","breadcrumb":{"@id":"https:\/\/wisemind.se\/kvinna\/pms-menstruationscykelns-fysiologiska-hormonella-och-emotionella-forandringsfaser\/#breadcrumb"},"inLanguage":"sv-SE","potentialAction":[{"@type":"ReadAction","target":["https:\/\/wisemind.se\/kvinna\/pms-menstruationscykelns-fysiologiska-hormonella-och-emotionella-forandringsfaser\/"]}]},{"@type":"ImageObject","inLanguage":"sv-SE","@id":"https:\/\/wisemind.se\/kvinna\/pms-menstruationscykelns-fysiologiska-hormonella-och-emotionella-forandringsfaser\/#primaryimage","url":"https:\/\/wisemind.se\/kvinna\/wp-content\/uploads\/anthony-tran-i-ePv9Dxg7U-unsplash-683x1024-1.jpg","contentUrl":"https:\/\/wisemind.se\/kvinna\/wp-content\/uploads\/anthony-tran-i-ePv9Dxg7U-unsplash-683x1024-1.jpg","width":683,"height":1024},{"@type":"BreadcrumbList","@id":"https:\/\/wisemind.se\/kvinna\/pms-menstruationscykelns-fysiologiska-hormonella-och-emotionella-forandringsfaser\/#breadcrumb","itemListElement":[{"@type":"ListItem","position":1,"name":"Hem","item":"https:\/\/wisemind.se\/kvinna\/"},{"@type":"ListItem","position":2,"name":"PMS, premenstruellt syndrom"}]},{"@type":"WebSite","@id":"https:\/\/wisemind.se\/kvinna\/#website","url":"https:\/\/wisemind.se\/kvinna\/","name":"WiseMind Kvinnoh\u00e4lsa","description":"Psykologiskt Kunskapscenter","publisher":{"@id":"https:\/\/wisemind.se\/kvinna\/#organization"},"potentialAction":[{"@type":"SearchAction","target":{"@type":"EntryPoint","urlTemplate":"https:\/\/wisemind.se\/kvinna\/?s={search_term_string}"},"query-input":{"@type":"PropertyValueSpecification","valueRequired":true,"valueName":"search_term_string"}}],"inLanguage":"sv-SE"},{"@type":"Organization","@id":"https:\/\/wisemind.se\/kvinna\/#organization","name":"Utveckling och Balans","url":"https:\/\/wisemind.se\/kvinna\/","logo":{"@type":"ImageObject","inLanguage":"sv-SE","@id":"https:\/\/wisemind.se\/kvinna\/#\/schema\/logo\/image\/","url":"https:\/\/wisemind.se\/kvinna\/wp-content\/uploads\/uob-logga-150.png","contentUrl":"https:\/\/wisemind.se\/kvinna\/wp-content\/uploads\/uob-logga-150.png","width":150,"height":62,"caption":"Utveckling och Balans"},"image":{"@id":"https:\/\/wisemind.se\/kvinna\/#\/schema\/logo\/image\/"}},{"@type":"Person","@id":"https:\/\/wisemind.se\/kvinna\/#\/schema\/person\/c18fcfc21acbf410ca0e4ba101385554","name":"Agnes Granberg","image":{"@type":"ImageObject","inLanguage":"sv-SE","@id":"https:\/\/secure.gravatar.com\/avatar\/11e40cdd70c5a5d7171c4701e0e8d9172600f345c8011b1de9f3ad7e9e4fab8b?s=96&d=mm&r=g","url":"https:\/\/secure.gravatar.com\/avatar\/11e40cdd70c5a5d7171c4701e0e8d9172600f345c8011b1de9f3ad7e9e4fab8b?s=96&d=mm&r=g","contentUrl":"https:\/\/secure.gravatar.com\/avatar\/11e40cdd70c5a5d7171c4701e0e8d9172600f345c8011b1de9f3ad7e9e4fab8b?s=96&d=mm&r=g","caption":"Agnes Granberg"},"url":"https:\/\/wisemind.se\/kvinna\/author\/agnes\/"}]}},"_links":{"self":[{"href":"https:\/\/wisemind.se\/kvinna\/wp-json\/wp\/v2\/posts\/401","targetHints":{"allow":["GET"]}}],"collection":[{"href":"https:\/\/wisemind.se\/kvinna\/wp-json\/wp\/v2\/posts"}],"about":[{"href":"https:\/\/wisemind.se\/kvinna\/wp-json\/wp\/v2\/types\/post"}],"author":[{"embeddable":true,"href":"https:\/\/wisemind.se\/kvinna\/wp-json\/wp\/v2\/users\/2"}],"replies":[{"embeddable":true,"href":"https:\/\/wisemind.se\/kvinna\/wp-json\/wp\/v2\/comments?post=401"}],"version-history":[{"count":0,"href":"https:\/\/wisemind.se\/kvinna\/wp-json\/wp\/v2\/posts\/401\/revisions"}],"wp:featuredmedia":[{"embeddable":true,"href":"https:\/\/wisemind.se\/kvinna\/wp-json\/wp\/v2\/media\/4804"}],"wp:attachment":[{"href":"https:\/\/wisemind.se\/kvinna\/wp-json\/wp\/v2\/media?parent=401"}],"wp:term":[{"taxonomy":"category","embeddable":true,"href":"https:\/\/wisemind.se\/kvinna\/wp-json\/wp\/v2\/categories?post=401"},{"taxonomy":"post_tag","embeddable":true,"href":"https:\/\/wisemind.se\/kvinna\/wp-json\/wp\/v2\/tags?post=401"}],"curies":[{"name":"wp","href":"https:\/\/api.w.org\/{rel}","templated":true}]}}